{"id":148,"date":"2024-12-18T01:28:52","date_gmt":"2024-12-18T04:28:52","guid":{"rendered":"https:\/\/ireparo.com.br\/?p=148"},"modified":"2024-12-18T01:28:52","modified_gmt":"2024-12-18T04:28:52","slug":"quando-o-seu-macbook-entre-em-contato-com-liquido","status":"publish","type":"post","link":"https:\/\/ireparo.com.br\/?p=148","title":{"rendered":"Quando o seu Macbook entre em contato com liquido."},"content":{"rendered":"\n<figure class=\"wp-block-image\"><img loading=\"lazy\" decoding=\"async\" width=\"1200\" height=\"800\" src=\"https:\/\/ireparo.com.br\/wp-content\/uploads\/2024\/12\/IMG_8539-2.avif\" alt=\"\" class=\"wp-image-151\" srcset=\"https:\/\/ireparo.com.br\/wp-content\/uploads\/2024\/12\/IMG_8539-2.avif 1200w, https:\/\/ireparo.com.br\/wp-content\/uploads\/2024\/12\/IMG_8539-2-300x200.avif 300w, https:\/\/ireparo.com.br\/wp-content\/uploads\/2024\/12\/IMG_8539-2-1024x683.avif 1024w, https:\/\/ireparo.com.br\/wp-content\/uploads\/2024\/12\/IMG_8539-2-768x512.avif 768w, https:\/\/ireparo.com.br\/wp-content\/uploads\/2024\/12\/IMG_8539-2-1080x720.avif 1080w, https:\/\/ireparo.com.br\/wp-content\/uploads\/2024\/12\/IMG_8539-2-980x653.avif 980w, https:\/\/ireparo.com.br\/wp-content\/uploads\/2024\/12\/IMG_8539-2-480x320.avif 480w\" sizes=\"auto, (max-width: 1080px) 100vw, 1080px\" \/><\/figure>\n\n\n\n<p><strong>A Import\u00e2ncia de Agir R\u00e1pido ao Lidar com MacBooks que Tiveram Contato com L\u00edquidos<\/strong><\/p>\n\n\n\n<p>O contato de um MacBook ou #MacBookPro com l\u00edquidos \u00e9 uma situa\u00e7\u00e3o delicadaque exige a\u00e7\u00e3o imediata. Mesmo que o dispositivo continue funcionando aparentemente normal ap\u00f3s o incidente, \u00e9 importante entender que a umidade pode causar oxida\u00e7\u00e3o nos componentes internos ao longo do tempo. Isso pode levar a falhas mais graves, encarecendo os reparos ou at\u00e9 mesmo tornando o dispositivo inutiliz\u00e1vel.<\/p>\n\n\n\n<p>Por isso, o ideal \u00e9 n\u00e3o adiar o atendimento t\u00e9cnico. Na <strong>iReparo<\/strong>, contamos com mais de 10 anos de experi\u00eancia no mercado, solucionando problemas em toda a linha da #Apple. Nossa equipe est\u00e1 preparada para realizar uma an\u00e1lise detalhada do seu dispositivo e intervir antes que os danos se agravem.<\/p>\n\n\n\n<p>Ao escolher a <strong>iReparo<\/strong>, voc\u00ea garante um servi\u00e7o especializado, pe\u00e7as de alta qualidade e a confian\u00e7a de um time que j\u00e1 ajudou milhares de clientes a recuperar seus aparelhos Apple. Traga seu #MacBook para avalia\u00e7\u00e3o o quanto antes e evite surpresas desagrad\u00e1veis no futuro!<\/p>\n\n\n\n<p><\/p>\n","protected":false},"excerpt":{"rendered":"<p>A Import\u00e2ncia de Agir R\u00e1pido ao Lidar com MacBooks que Tiveram Contato com L\u00edquidos O contato de um MacBook ou #MacBookPro com l\u00edquidos \u00e9 uma situa\u00e7\u00e3o delicadaque exige a\u00e7\u00e3o imediata. Mesmo que o dispositivo continue funcionando aparentemente normal ap\u00f3s o incidente, \u00e9 importante entender que a umidade pode causar oxida\u00e7\u00e3o nos componentes internos ao longo [&hellip;]<\/p>\n","protected":false},"author":13,"featured_media":0,"comment_status":"open","ping_status":"open","sticky":false,"template":"","format":"standard","meta":{"_et_pb_use_builder":"","_et_pb_old_content":"","_et_gb_content_width":"","_jetpack_memberships_contains_paid_content":false,"footnotes":""},"categories":[1],"tags":[9,10,18,13],"class_list":["post-148","post","type-post","status-publish","format-standard","hentry","category-sem-categoria","tag-apple-mogi-das-cruzes","tag-macbook-pro-mogi","tag-manutencao-de-mac-em-mogi","tag-reparo-de-mac"],"jetpack_sharing_enabled":true,"jetpack_featured_media_url":"","_links":{"self":[{"href":"https:\/\/ireparo.com.br\/index.php?rest_route=\/wp\/v2\/posts\/148","targetHints":{"allow":["GET"]}}],"collection":[{"href":"https:\/\/ireparo.com.br\/index.php?rest_route=\/wp\/v2\/posts"}],"about":[{"href":"https:\/\/ireparo.com.br\/index.php?rest_route=\/wp\/v2\/types\/post"}],"author":[{"embeddable":true,"href":"https:\/\/ireparo.com.br\/index.php?rest_route=\/wp\/v2\/users\/13"}],"replies":[{"embeddable":true,"href":"https:\/\/ireparo.com.br\/index.php?rest_route=%2Fwp%2Fv2%2Fcomments&post=148"}],"version-history":[{"count":1,"href":"https:\/\/ireparo.com.br\/index.php?rest_route=\/wp\/v2\/posts\/148\/revisions"}],"predecessor-version":[{"id":152,"href":"https:\/\/ireparo.com.br\/index.php?rest_route=\/wp\/v2\/posts\/148\/revisions\/152"}],"wp:attachment":[{"href":"https:\/\/ireparo.com.br\/index.php?rest_route=%2Fwp%2Fv2%2Fmedia&parent=148"}],"wp:term":[{"taxonomy":"category","embeddable":true,"href":"https:\/\/ireparo.com.br\/index.php?rest_route=%2Fwp%2Fv2%2Fcategories&post=148"},{"taxonomy":"post_tag","embeddable":true,"href":"https:\/\/ireparo.com.br\/index.php?rest_route=%2Fwp%2Fv2%2Ftags&post=148"}],"curies":[{"name":"wp","href":"https:\/\/api.w.org\/{rel}","templated":true}]}}